{"id":1880,"date":"2023-10-03T11:03:16","date_gmt":"2023-10-03T11:03:16","guid":{"rendered":"https:\/\/www.tpa-group.hu\/uncategorized-hu\/szallitas-es-logisztika\/"},"modified":"2024-09-18T08:55:25","modified_gmt":"2024-09-18T08:55:25","slug":"szallitas-es-logisztika","status":"publish","type":"post","link":"https:\/\/www.tpa-group.hu\/hu\/uzletag\/szallitas-es-logisztika\/","title":{"rendered":"Sz\u00e1ll\u00edt\u00e1s \u00e9s logisztika"},"content":{"rendered":"\t\t<div data-elementor-type=\"wp-post\" data-elementor-id=\"1880\" class=\"elementor elementor-1880 elementor-404\" data-elementor-post-type=\"post\">\n\t\t\t\t<div class=\"elementor-element elementor-element-f478ec2 e-flex e-con-boxed e-con e-parent\" data-id=\"f478ec2\" data-element_type=\"container\">\n\t\t\t\t\t<div class=\"e-con-inner\">\n\t\t\t\t<div class=\"elementor-element elementor-element-145a3f42 elementor-widget elementor-widget-text-editor\" data-id=\"145a3f42\" data-element_type=\"widget\" data-widget_type=\"text-editor.default\">\n\t\t\t\t<div class=\"elementor-widget-container\">\n\t\t\t\t\t\t\t\t\t\n<p>\nA sz\u00e1ll\u00edt\u00e1s \u00e9s logisztika ter\u00fclet\u00e9n nem csak a megb\u00edz\u00e1s min\u0151s\u00e9ge, hanem a sz\u00e1ll\u00edt\u00e1s sebess\u00e9ge is sz\u00e1m\u00edt. Ez k\u00fcl\u00f6nb\u00f6zteti meg ezt az ipar\u00e1gat a t\u00f6bbit\u0151l. Az egyre er\u0151sebb glob\u00e1lis \u00f6sszek\u00f6ttet\u00e9s, az infrastrukt\u00fara \u00e1lland\u00f3 fejleszt\u00e9se a fejl\u0151d\u0151 orsz\u00e1gokban \u00e9s a fogyaszt\u00f3k \u00e1ltal gyakorolt nyom\u00e1s, miszerint egyre r\u00f6videbb id\u0151 alatti t\u00f6rt\u00e9njen a kisz\u00e1ll\u00edt\u00e1s, egyre t\u00f6bbet k\u00f6vetel a v\u00e1llalkoz\u00f3kt\u00f3l.\n<br\/>\nA v\u00e1llalkoz\u00f3k sz\u00e1m\u00e1ra egy\u00e9ni megold\u00e1sokat tal\u00e1lunk. A hazai \u00e9s nemzetk\u00f6zi piacon val\u00f3 fennmarad\u00e1snak fontos felt\u00e9tele az \u00fcgyf\u00e9lr\u0151l val\u00f3 t\u00e1j\u00e9koz\u00f3d\u00e1s, valamint a fejleszt\u00e9si-, sz\u00e1ll\u00edt\u00e1si, logisztikai elj\u00e1r\u00e1sok \u00e1talak\u00edt\u00e1sa \u00e9s a k\u00f6lts\u00e9gminimaliz\u00e1l\u00e1s.\n<br\/>\nA TPA sok \u00e9ve t\u00e1mogat tan\u00e1csad\u00f3k\u00e9nt hazai \u00e9s nemzetk\u00f6zi, sz\u00e1ll\u00edt\u00e1ssal \u00e9s logisztik\u00e1val foglalkoz\u00f3 v\u00e1llalkoz\u00e1sokat. Seg\u00edt\u00fcnk \u00d6nnek er\u0151ss\u00e9geinek hangs\u00falyoz\u00e1s\u00e1ban, a folyamatosan n\u00f6vekv\u0151 piaci k\u00f6vetelm\u00e9nyekre.\n<\/p>\n\t\t\t\t\t\t\t\t<\/div>\n\t\t\t\t<\/div>\n\t\t\t\t<div class=\"elementor-element elementor-element-c039bb9 elementor-widget elementor-widget-spacer\" data-id=\"c039bb9\" data-element_type=\"widget\" data-widget_type=\"spacer.default\">\n\t\t\t\t<div class=\"elementor-widget-container\">\n\t\t\t\t\t\t\t<div class=\"elementor-spacer\">\n\t\t\t<div class=\"elementor-spacer-inner\"><\/div>\n\t\t<\/div>\n\t\t\t\t\t\t<\/div>\n\t\t\t\t<\/div>\n\t\t\t\t\t<\/div>\n\t\t\t\t<\/div>\n\t\t<div class=\"elementor-element elementor-element-ffbe997 e-flex e-con-boxed e-con e-parent\" data-id=\"ffbe997\" data-element_type=\"container\">\n\t\t\t\t\t<div class=\"e-con-inner\">\n\t\t\t\t<div class=\"elementor-element elementor-element-d67c8cb elementor-widget elementor-widget-heading\" data-id=\"d67c8cb\" data-element_type=\"widget\" data-widget_type=\"heading.default\">\n\t\t\t\t<div class=\"elementor-widget-container\">\n\t\t\t\t\t<h3 class=\"elementor-heading-title elementor-size-default\">Vegye fel a kapcsolatot szak\u00e9rt\u0151inkkel<\/h3>\t\t\t\t<\/div>\n\t\t\t\t<\/div>\n\t\t<div class=\"elementor-element elementor-element-eeaf277 e-flex e-con-boxed e-con e-child\" data-id=\"eeaf277\" data-element_type=\"container\">\n\t\t\t\t\t<div class=\"e-con-inner\">\n\t\t<div class=\"elementor-element elementor-element-dc6e760 e-con-full e-flex e-con e-child\" data-id=\"dc6e760\" data-element_type=\"container\">\n\t\t\t\t<div class=\"elementor-element elementor-element-2834603 elementor-widget elementor-widget-single-person-card\" data-id=\"2834603\" data-element_type=\"widget\" data-settings=\"{&quot;person_single&quot;:&quot;442&quot;}\" data-widget_type=\"single-person-card.default\">\n\t\t\t\t<div class=\"elementor-widget-container\">\n\t\t\t\t\t\n\t\t<div class=\"single-person-card\">\n            <a class=\"person-link\" href=\"https:\/\/www.tpa-group.hu\/hu\/persons\/szemeredi-jozsef\/\"  >\n        \t\t<div class=\"img-container\">\n        \t\t\t<img decoding=\"async\" src=\"https:\/\/www.tpa-group.hu\/app\/uploads\/sites\/6\/2023\/10\/Jozsef_Szemeredi_880x1000.png\" alt=\"Szemer\u00e9di J\u00f3zsef\">\n        \t\t\t<span><\/span>\n        \t\t<\/div>\n\n\t\t\t\t    \t\t\t\t<div class=\"post-content-wrapper\">\n\t\t        \t\t<div class=\"content-container\">\n                \t\t\t\t\n\t\t        \t\t\t\t\t        \t\t\t\t<h5 class=\"post-title\">Szemer\u00e9di J\u00f3zsef<\/h5>\n                \t\t\t\t\t        \t\t\t\t\t        \t\t\t\t\t        \t\t\t\t\t<div class=\"job-positions\">\n\t        \t\t\t\t\t\t\t        \t\t\t\t\t\t\t<p class=\"job-position has-dot\">Partner <\/p>\n        \t\t\t\t\t\t\t\t        \t\t\t\t\t\t\t<p class=\"job-position has-dot\"> Ad\u00f3tan\u00e1csad\u00f3 <\/p>\n        \t\t\t\t\t\t\t\t        \t\t\t\t\t\t\t<p class=\"job-position \"> K\u00f6nyvvizsg\u00e1l\u00f3<\/p>\n        \t\t\t\t\t\t\t        \t\t\t\t\t\t<\/div>\n\t        \t\t\t\t\t\t        \t\t\t\t\t<div class=\"btn-arrow\" style=\"background-image: url('https:\/\/www.tpa-group.hu\/app\/plugins\/ovos-elementor-widgets\/widgets\/single-person-card-widget\/img\/button-arrow-right-long.svg')\"><\/div>\n\t\t        \t\t\t\t\t        \t\t<\/div>\n\t        \t\t<\/div>\n\t\t\t\t    \t\t<\/a>\n    \t<\/div>\n\n\t\t\t\t\t\t<\/div>\n\t\t\t\t<\/div>\n\t\t\t\t<\/div>\n\t\t<div class=\"elementor-element elementor-element-2abcc7b e-con-full e-flex e-con e-child\" data-id=\"2abcc7b\" data-element_type=\"container\">\n\t\t\t\t<div class=\"elementor-element elementor-element-1851cc3 elementor-widget elementor-widget-single-person-card\" data-id=\"1851cc3\" data-element_type=\"widget\" data-settings=\"{&quot;person_single&quot;:&quot;450&quot;}\" data-widget_type=\"single-person-card.default\">\n\t\t\t\t<div class=\"elementor-widget-container\">\n\t\t\t\t\t\n\t\t<div class=\"single-person-card\">\n            <a class=\"person-link\" href=\"https:\/\/www.tpa-group.hu\/hu\/persons\/jakab-gyorgy\/\"  >\n        \t\t<div class=\"img-container\">\n        \t\t\t<img decoding=\"async\" src=\"https:\/\/www.tpa-group.hu\/app\/uploads\/sites\/6\/2023\/10\/gyorgy_jakab_880x1000.png\" alt=\"Jakab Gy\u00f6rgy\">\n        \t\t\t<span><\/span>\n        \t\t<\/div>\n\n\t\t\t\t    \t\t\t\t<div class=\"post-content-wrapper\">\n\t\t        \t\t<div class=\"content-container\">\n                \t\t\t\t\n\t\t        \t\t\t\t\t        \t\t\t\t<h5 class=\"post-title\">Jakab Gy\u00f6rgy<\/h5>\n                \t\t\t\t\t        \t\t\t\t\t        \t\t\t\t\t        \t\t\t\t\t<div class=\"job-positions\">\n\t        \t\t\t\t\t\t\t        \t\t\t\t\t\t\t<p class=\"job-position has-dot\">Partner <\/p>\n        \t\t\t\t\t\t\t\t        \t\t\t\t\t\t\t<p class=\"job-position has-dot\"> K\u00f6nyvvizsg\u00e1l\u00f3 <\/p>\n        \t\t\t\t\t\t\t\t        \t\t\t\t\t\t\t<p class=\"job-position \"> Ad\u00f3tan\u00e1csad\u00f3<\/p>\n        \t\t\t\t\t\t\t        \t\t\t\t\t\t<\/div>\n\t        \t\t\t\t\t\t        \t\t\t\t\t<div class=\"btn-arrow\" style=\"background-image: url('https:\/\/www.tpa-group.hu\/app\/plugins\/ovos-elementor-widgets\/widgets\/single-person-card-widget\/img\/button-arrow-right-long.svg')\"><\/div>\n\t\t        \t\t\t\t\t        \t\t<\/div>\n\t        \t\t<\/div>\n\t\t\t\t    \t\t<\/a>\n    \t<\/div>\n\n\t\t\t\t\t\t<\/div>\n\t\t\t\t<\/div>\n\t\t\t\t<\/div>\n\t\t\t\t\t<\/div>\n\t\t\t\t<\/div>\n\t\t\t\t\t<\/div>\n\t\t\t\t<\/div>\n\t\t\t\t<\/div>\n\t\t","protected":false},"excerpt":{"rendered":"<p>A sz\u00e1ll\u00edt\u00e1s \u00e9s logisztika ter\u00fclet\u00e9n nem csak a megb\u00edz\u00e1s min\u0151s\u00e9ge, hanem a sz\u00e1ll\u00edt\u00e1s sebess\u00e9ge is sz\u00e1m\u00edt. Ez k\u00fcl\u00f6nb\u00f6zteti meg ezt az ipar\u00e1gat a t\u00f6bbit\u0151l. Az egyre er\u0151sebb glob\u00e1lis \u00f6sszek\u00f6ttet\u00e9s, az infrastrukt\u00fara \u00e1lland\u00f3 fejleszt\u00e9se a fejl\u0151d\u0151 orsz\u00e1gokban \u00e9s a fogyaszt\u00f3k \u00e1ltal gyakorolt nyom\u00e1s, miszerint egyre r\u00f6videbb id\u0151 alatti t\u00f6rt\u00e9njen a kisz\u00e1ll\u00edt\u00e1s, egyre t\u00f6bbet k\u00f6vetel a v\u00e1llalkoz\u00f3kt\u00f3l. [&hellip;]<\/p>\n","protected":false},"author":1,"featured_media":869,"comment_status":"open","ping_status":"open","sticky":false,"template":"","format":"standard","meta":{"_acf_changed":false,"footnotes":""},"categories":[34],"tags":[],"class_list":["post-1880","post","type-post","status-publish","format-standard","has-post-thumbnail","hentry","category-uzletag"],"acf":[],"yoast_head":"<!-- This site is optimized with the Yoast SEO plugin v26.0 - https:\/\/yoast.com\/wordpress\/plugins\/seo\/ -->\n<title>Sz\u00e1ll\u00edt\u00e1s \u00e9s logisztika - www.tpa-group.hu<\/title>\n<meta name=\"robots\" content=\"index, follow, max-snippet:-1, max-image-preview:large, max-video-preview:-1\" \/>\n<link rel=\"canonical\" href=\"https:\/\/www.tpa-group.hu\/hu\/uzletag\/szallitas-es-logisztika\/\" \/>\n<meta property=\"og:locale\" content=\"hu_HU\" \/>\n<meta property=\"og:type\" content=\"article\" \/>\n<meta property=\"og:title\" content=\"Sz\u00e1ll\u00edt\u00e1s \u00e9s logisztika - www.tpa-group.hu\" \/>\n<meta property=\"og:description\" content=\"A sz\u00e1ll\u00edt\u00e1s \u00e9s logisztika ter\u00fclet\u00e9n nem csak a megb\u00edz\u00e1s min\u0151s\u00e9ge, hanem a sz\u00e1ll\u00edt\u00e1s sebess\u00e9ge is sz\u00e1m\u00edt. Ez k\u00fcl\u00f6nb\u00f6zteti meg ezt az ipar\u00e1gat a t\u00f6bbit\u0151l. Az egyre er\u0151sebb glob\u00e1lis \u00f6sszek\u00f6ttet\u00e9s, az infrastrukt\u00fara \u00e1lland\u00f3 fejleszt\u00e9se a fejl\u0151d\u0151 orsz\u00e1gokban \u00e9s a fogyaszt\u00f3k \u00e1ltal gyakorolt nyom\u00e1s, miszerint egyre r\u00f6videbb id\u0151 alatti t\u00f6rt\u00e9njen a kisz\u00e1ll\u00edt\u00e1s, egyre t\u00f6bbet k\u00f6vetel a v\u00e1llalkoz\u00f3kt\u00f3l. [&hellip;]\" \/>\n<meta property=\"og:url\" content=\"https:\/\/www.tpa-group.hu\/hu\/uzletag\/szallitas-es-logisztika\/\" \/>\n<meta property=\"og:site_name\" content=\"www.tpa-group.hu\" \/>\n<meta property=\"article:published_time\" content=\"2023-10-03T11:03:16+00:00\" \/>\n<meta property=\"article:modified_time\" content=\"2024-09-18T08:55:25+00:00\" \/>\n<meta property=\"og:image\" content=\"https:\/\/www.tpa-group.hu\/app\/uploads\/sites\/6\/2023\/10\/TPA-Industry-Transport-Logistics.jpg\" \/>\n\t<meta property=\"og:image:width\" content=\"1200\" \/>\n\t<meta property=\"og:image:height\" content=\"556\" \/>\n\t<meta property=\"og:image:type\" content=\"image\/jpeg\" \/>\n<meta name=\"author\" content=\"admin\" \/>\n<meta name=\"twitter:card\" content=\"summary_large_image\" \/>\n<meta name=\"twitter:label1\" content=\"Written by\" \/>\n\t<meta name=\"twitter:data1\" content=\"admin\" \/>\n\t<meta name=\"twitter:label2\" content=\"Est. reading time\" \/>\n\t<meta name=\"twitter:data2\" content=\"2 perc\" \/>\n<script type=\"application\/ld+json\" class=\"yoast-schema-graph\">{\"@context\":\"https:\/\/schema.org\",\"@graph\":[{\"@type\":\"Article\",\"@id\":\"https:\/\/www.tpa-group.hu\/hu\/uzletag\/szallitas-es-logisztika\/#article\",\"isPartOf\":{\"@id\":\"https:\/\/www.tpa-group.hu\/hu\/uzletag\/szallitas-es-logisztika\/\"},\"author\":{\"name\":\"admin\",\"@id\":\"https:\/\/www.tpa-group.hu\/hu\/#\/schema\/person\/c3006997724add2da388b2cf4d370a07\"},\"headline\":\"Sz\u00e1ll\u00edt\u00e1s \u00e9s logisztika\",\"datePublished\":\"2023-10-03T11:03:16+00:00\",\"dateModified\":\"2024-09-18T08:55:25+00:00\",\"mainEntityOfPage\":{\"@id\":\"https:\/\/www.tpa-group.hu\/hu\/uzletag\/szallitas-es-logisztika\/\"},\"wordCount\":228,\"commentCount\":0,\"publisher\":{\"@id\":\"https:\/\/www.tpa-group.hu\/hu\/#organization\"},\"image\":{\"@id\":\"https:\/\/www.tpa-group.hu\/hu\/uzletag\/szallitas-es-logisztika\/#primaryimage\"},\"thumbnailUrl\":\"https:\/\/www.tpa-group.hu\/app\/uploads\/sites\/6\/2023\/10\/TPA-Industry-Transport-Logistics.jpg\",\"articleSection\":[\"\u00dczlet\u00e1g\"],\"inLanguage\":\"hu\"},{\"@type\":\"WebPage\",\"@id\":\"https:\/\/www.tpa-group.hu\/hu\/uzletag\/szallitas-es-logisztika\/\",\"url\":\"https:\/\/www.tpa-group.hu\/hu\/uzletag\/szallitas-es-logisztika\/\",\"name\":\"Sz\u00e1ll\u00edt\u00e1s \u00e9s logisztika - www.tpa-group.hu\",\"isPartOf\":{\"@id\":\"https:\/\/www.tpa-group.hu\/hu\/#website\"},\"primaryImageOfPage\":{\"@id\":\"https:\/\/www.tpa-group.hu\/hu\/uzletag\/szallitas-es-logisztika\/#primaryimage\"},\"image\":{\"@id\":\"https:\/\/www.tpa-group.hu\/hu\/uzletag\/szallitas-es-logisztika\/#primaryimage\"},\"thumbnailUrl\":\"https:\/\/www.tpa-group.hu\/app\/uploads\/sites\/6\/2023\/10\/TPA-Industry-Transport-Logistics.jpg\",\"datePublished\":\"2023-10-03T11:03:16+00:00\",\"dateModified\":\"2024-09-18T08:55:25+00:00\",\"breadcrumb\":{\"@id\":\"https:\/\/www.tpa-group.hu\/hu\/uzletag\/szallitas-es-logisztika\/#breadcrumb\"},\"inLanguage\":\"hu\",\"potentialAction\":[{\"@type\":\"ReadAction\",\"target\":[\"https:\/\/www.tpa-group.hu\/hu\/uzletag\/szallitas-es-logisztika\/\"]}]},{\"@type\":\"ImageObject\",\"inLanguage\":\"hu\",\"@id\":\"https:\/\/www.tpa-group.hu\/hu\/uzletag\/szallitas-es-logisztika\/#primaryimage\",\"url\":\"https:\/\/www.tpa-group.hu\/app\/uploads\/sites\/6\/2023\/10\/TPA-Industry-Transport-Logistics.jpg\",\"contentUrl\":\"https:\/\/www.tpa-group.hu\/app\/uploads\/sites\/6\/2023\/10\/TPA-Industry-Transport-Logistics.jpg\",\"width\":1200,\"height\":556,\"caption\":\"Aisle Of Storage Room With Boxes\"},{\"@type\":\"BreadcrumbList\",\"@id\":\"https:\/\/www.tpa-group.hu\/hu\/uzletag\/szallitas-es-logisztika\/#breadcrumb\",\"itemListElement\":[{\"@type\":\"ListItem\",\"position\":1,\"name\":\"Home\",\"item\":\"https:\/\/www.tpa-group.hu\/hu\/\"},{\"@type\":\"ListItem\",\"position\":2,\"name\":\"Sz\u00e1ll\u00edt\u00e1s \u00e9s logisztika\"}]},{\"@type\":\"WebSite\",\"@id\":\"https:\/\/www.tpa-group.hu\/hu\/#website\",\"url\":\"https:\/\/www.tpa-group.hu\/hu\/\",\"name\":\"www.tpa-group.hu\",\"description\":\"\",\"publisher\":{\"@id\":\"https:\/\/www.tpa-group.hu\/hu\/#organization\"},\"potentialAction\":[{\"@type\":\"SearchAction\",\"target\":{\"@type\":\"EntryPoint\",\"urlTemplate\":\"https:\/\/www.tpa-group.hu\/hu\/?s={search_term_string}\"},\"query-input\":{\"@type\":\"PropertyValueSpecification\",\"valueRequired\":true,\"valueName\":\"search_term_string\"}}],\"inLanguage\":\"hu\"},{\"@type\":\"Organization\",\"@id\":\"https:\/\/www.tpa-group.hu\/hu\/#organization\",\"name\":\"www.tpa-group.hu\",\"url\":\"https:\/\/www.tpa-group.hu\/hu\/\",\"logo\":{\"@type\":\"ImageObject\",\"inLanguage\":\"hu\",\"@id\":\"https:\/\/www.tpa-group.hu\/hu\/#\/schema\/logo\/image\/\",\"url\":\"https:\/\/www.tpa-group.hu\/app\/uploads\/sites\/6\/2024\/10\/tpa-logo-favicon.svg\",\"contentUrl\":\"https:\/\/www.tpa-group.hu\/app\/uploads\/sites\/6\/2024\/10\/tpa-logo-favicon.svg\",\"width\":110,\"height\":93,\"caption\":\"www.tpa-group.hu\"},\"image\":{\"@id\":\"https:\/\/www.tpa-group.hu\/hu\/#\/schema\/logo\/image\/\"}},{\"@type\":\"Person\",\"@id\":\"https:\/\/www.tpa-group.hu\/hu\/#\/schema\/person\/c3006997724add2da388b2cf4d370a07\",\"name\":\"admin\",\"sameAs\":[\"https:\/\/www.tpa-group.at\/wp\"]}]}<\/script>\n<!-- \/ Yoast SEO plugin. -->","yoast_head_json":{"title":"Sz\u00e1ll\u00edt\u00e1s \u00e9s logisztika - www.tpa-group.hu","robots":{"index":"index","follow":"follow","max-snippet":"max-snippet:-1","max-image-preview":"max-image-preview:large","max-video-preview":"max-video-preview:-1"},"canonical":"https:\/\/www.tpa-group.hu\/hu\/uzletag\/szallitas-es-logisztika\/","og_locale":"hu_HU","og_type":"article","og_title":"Sz\u00e1ll\u00edt\u00e1s \u00e9s logisztika - www.tpa-group.hu","og_description":"A sz\u00e1ll\u00edt\u00e1s \u00e9s logisztika ter\u00fclet\u00e9n nem csak a megb\u00edz\u00e1s min\u0151s\u00e9ge, hanem a sz\u00e1ll\u00edt\u00e1s sebess\u00e9ge is sz\u00e1m\u00edt. Ez k\u00fcl\u00f6nb\u00f6zteti meg ezt az ipar\u00e1gat a t\u00f6bbit\u0151l. Az egyre er\u0151sebb glob\u00e1lis \u00f6sszek\u00f6ttet\u00e9s, az infrastrukt\u00fara \u00e1lland\u00f3 fejleszt\u00e9se a fejl\u0151d\u0151 orsz\u00e1gokban \u00e9s a fogyaszt\u00f3k \u00e1ltal gyakorolt nyom\u00e1s, miszerint egyre r\u00f6videbb id\u0151 alatti t\u00f6rt\u00e9njen a kisz\u00e1ll\u00edt\u00e1s, egyre t\u00f6bbet k\u00f6vetel a v\u00e1llalkoz\u00f3kt\u00f3l. [&hellip;]","og_url":"https:\/\/www.tpa-group.hu\/hu\/uzletag\/szallitas-es-logisztika\/","og_site_name":"www.tpa-group.hu","article_published_time":"2023-10-03T11:03:16+00:00","article_modified_time":"2024-09-18T08:55:25+00:00","og_image":[{"width":1200,"height":556,"url":"https:\/\/www.tpa-group.hu\/app\/uploads\/sites\/6\/2023\/10\/TPA-Industry-Transport-Logistics.jpg","type":"image\/jpeg"}],"author":"admin","twitter_card":"summary_large_image","twitter_misc":{"Written by":"admin","Est. reading time":"2 perc"},"schema":{"@context":"https:\/\/schema.org","@graph":[{"@type":"Article","@id":"https:\/\/www.tpa-group.hu\/hu\/uzletag\/szallitas-es-logisztika\/#article","isPartOf":{"@id":"https:\/\/www.tpa-group.hu\/hu\/uzletag\/szallitas-es-logisztika\/"},"author":{"name":"admin","@id":"https:\/\/www.tpa-group.hu\/hu\/#\/schema\/person\/c3006997724add2da388b2cf4d370a07"},"headline":"Sz\u00e1ll\u00edt\u00e1s \u00e9s logisztika","datePublished":"2023-10-03T11:03:16+00:00","dateModified":"2024-09-18T08:55:25+00:00","mainEntityOfPage":{"@id":"https:\/\/www.tpa-group.hu\/hu\/uzletag\/szallitas-es-logisztika\/"},"wordCount":228,"commentCount":0,"publisher":{"@id":"https:\/\/www.tpa-group.hu\/hu\/#organization"},"image":{"@id":"https:\/\/www.tpa-group.hu\/hu\/uzletag\/szallitas-es-logisztika\/#primaryimage"},"thumbnailUrl":"https:\/\/www.tpa-group.hu\/app\/uploads\/sites\/6\/2023\/10\/TPA-Industry-Transport-Logistics.jpg","articleSection":["\u00dczlet\u00e1g"],"inLanguage":"hu"},{"@type":"WebPage","@id":"https:\/\/www.tpa-group.hu\/hu\/uzletag\/szallitas-es-logisztika\/","url":"https:\/\/www.tpa-group.hu\/hu\/uzletag\/szallitas-es-logisztika\/","name":"Sz\u00e1ll\u00edt\u00e1s \u00e9s logisztika - www.tpa-group.hu","isPartOf":{"@id":"https:\/\/www.tpa-group.hu\/hu\/#website"},"primaryImageOfPage":{"@id":"https:\/\/www.tpa-group.hu\/hu\/uzletag\/szallitas-es-logisztika\/#primaryimage"},"image":{"@id":"https:\/\/www.tpa-group.hu\/hu\/uzletag\/szallitas-es-logisztika\/#primaryimage"},"thumbnailUrl":"https:\/\/www.tpa-group.hu\/app\/uploads\/sites\/6\/2023\/10\/TPA-Industry-Transport-Logistics.jpg","datePublished":"2023-10-03T11:03:16+00:00","dateModified":"2024-09-18T08:55:25+00:00","breadcrumb":{"@id":"https:\/\/www.tpa-group.hu\/hu\/uzletag\/szallitas-es-logisztika\/#breadcrumb"},"inLanguage":"hu","potentialAction":[{"@type":"ReadAction","target":["https:\/\/www.tpa-group.hu\/hu\/uzletag\/szallitas-es-logisztika\/"]}]},{"@type":"ImageObject","inLanguage":"hu","@id":"https:\/\/www.tpa-group.hu\/hu\/uzletag\/szallitas-es-logisztika\/#primaryimage","url":"https:\/\/www.tpa-group.hu\/app\/uploads\/sites\/6\/2023\/10\/TPA-Industry-Transport-Logistics.jpg","contentUrl":"https:\/\/www.tpa-group.hu\/app\/uploads\/sites\/6\/2023\/10\/TPA-Industry-Transport-Logistics.jpg","width":1200,"height":556,"caption":"Aisle Of Storage Room With Boxes"},{"@type":"BreadcrumbList","@id":"https:\/\/www.tpa-group.hu\/hu\/uzletag\/szallitas-es-logisztika\/#breadcrumb","itemListElement":[{"@type":"ListItem","position":1,"name":"Home","item":"https:\/\/www.tpa-group.hu\/hu\/"},{"@type":"ListItem","position":2,"name":"Sz\u00e1ll\u00edt\u00e1s \u00e9s logisztika"}]},{"@type":"WebSite","@id":"https:\/\/www.tpa-group.hu\/hu\/#website","url":"https:\/\/www.tpa-group.hu\/hu\/","name":"www.tpa-group.hu","description":"","publisher":{"@id":"https:\/\/www.tpa-group.hu\/hu\/#organization"},"potentialAction":[{"@type":"SearchAction","target":{"@type":"EntryPoint","urlTemplate":"https:\/\/www.tpa-group.hu\/hu\/?s={search_term_string}"},"query-input":{"@type":"PropertyValueSpecification","valueRequired":true,"valueName":"search_term_string"}}],"inLanguage":"hu"},{"@type":"Organization","@id":"https:\/\/www.tpa-group.hu\/hu\/#organization","name":"www.tpa-group.hu","url":"https:\/\/www.tpa-group.hu\/hu\/","logo":{"@type":"ImageObject","inLanguage":"hu","@id":"https:\/\/www.tpa-group.hu\/hu\/#\/schema\/logo\/image\/","url":"https:\/\/www.tpa-group.hu\/app\/uploads\/sites\/6\/2024\/10\/tpa-logo-favicon.svg","contentUrl":"https:\/\/www.tpa-group.hu\/app\/uploads\/sites\/6\/2024\/10\/tpa-logo-favicon.svg","width":110,"height":93,"caption":"www.tpa-group.hu"},"image":{"@id":"https:\/\/www.tpa-group.hu\/hu\/#\/schema\/logo\/image\/"}},{"@type":"Person","@id":"https:\/\/www.tpa-group.hu\/hu\/#\/schema\/person\/c3006997724add2da388b2cf4d370a07","name":"admin","sameAs":["https:\/\/www.tpa-group.at\/wp"]}]}},"_links":{"self":[{"href":"https:\/\/www.tpa-group.hu\/hu\/wp-json\/wp\/v2\/posts\/1880","targetHints":{"allow":["GET"]}}],"collection":[{"href":"https:\/\/www.tpa-group.hu\/hu\/wp-json\/wp\/v2\/posts"}],"about":[{"href":"https:\/\/www.tpa-group.hu\/hu\/wp-json\/wp\/v2\/types\/post"}],"author":[{"embeddable":true,"href":"https:\/\/www.tpa-group.hu\/hu\/wp-json\/wp\/v2\/users\/1"}],"replies":[{"embeddable":true,"href":"https:\/\/www.tpa-group.hu\/hu\/wp-json\/wp\/v2\/comments?post=1880"}],"version-history":[{"count":6,"href":"https:\/\/www.tpa-group.hu\/hu\/wp-json\/wp\/v2\/posts\/1880\/revisions"}],"predecessor-version":[{"id":3028,"href":"https:\/\/www.tpa-group.hu\/hu\/wp-json\/wp\/v2\/posts\/1880\/revisions\/3028"}],"wp:featuredmedia":[{"embeddable":true,"href":"https:\/\/www.tpa-group.hu\/hu\/wp-json\/wp\/v2\/media\/869"}],"wp:attachment":[{"href":"https:\/\/www.tpa-group.hu\/hu\/wp-json\/wp\/v2\/media?parent=1880"}],"wp:term":[{"taxonomy":"category","embeddable":true,"href":"https:\/\/www.tpa-group.hu\/hu\/wp-json\/wp\/v2\/categories?post=1880"},{"taxonomy":"post_tag","embeddable":true,"href":"https:\/\/www.tpa-group.hu\/hu\/wp-json\/wp\/v2\/tags?post=1880"}],"curies":[{"name":"wp","href":"https:\/\/api.w.org\/{rel}","templated":true}]}}